{"id":2832,"date":"2023-04-11T18:30:34","date_gmt":"2023-04-11T16:30:34","guid":{"rendered":"https:\/\/esperanto.hr\/wp\/?p=2832"},"modified":"2023-04-12T19:19:13","modified_gmt":"2023-04-12T17:19:13","slug":"11-kongres-hrvatskih-esperantista","status":"publish","type":"post","link":"https:\/\/esperanto.hr\/wp\/11-kongres-hrvatskih-esperantista\/","title":{"rendered":"Prijavite se na 11. kongres hrvatskih esperantista"},"content":{"rendered":"\t\t<div data-elementor-type=\"wp-post\" data-elementor-id=\"2832\" class=\"elementor elementor-2832\">\n\t\t\t\t\t\t<section class=\"elementor-section elementor-top-section elementor-element elementor-element-fb59f22 elementor-section-boxed elementor-section-height-default elementor-section-height-default\" data-id=\"fb59f22\" data-element_type=\"section\" data-e-type=\"section\">\n\t\t\t\t\t\t<div class=\"elementor-container elementor-column-gap-default\">\n\t\t\t\t\t<div class=\"elementor-column elementor-col-100 elementor-top-column elementor-element elementor-element-7e16491\" data-id=\"7e16491\" data-element_type=\"column\" data-e-type=\"column\">\n\t\t\t<div class=\"elementor-widget-wrap elementor-element-populated\">\n\t\t\t\t\t\t<div class=\"elementor-element elementor-element-7e2abcd elementor-widget elementor-widget-text-editor\" data-id=\"7e2abcd\" data-element_type=\"widget\" data-e-type=\"widget\" data-widget_type=\"text-editor.default\">\n\t\t\t\t<div class=\"elementor-widget-container\">\n\t\t\t\t\t\t\t\t\t<p>Odlukom Uprave Hrvatskog saveza za esperanto od 4. prosinca 2022. godine, 11. kongres hrvatskih esperantista odr\u017eat \u0107e se u \u0110ur\u0111evcu od 30. lipnja do 2. srpnja 2023. godine. Organizacija je povjerena Dokumentacijskom esperantskom centru iz \u0110ur\u0111evca, a prve informacije i pristupnice nalaze se na: <a href=\"https:\/\/novo.dec-kroatio.hr\/hr\/\"><strong>https:\/novo.dec-kroatio.hr\/hr\/<\/strong><\/a><\/p>\t\t\t\t\t\t\t\t<\/div>\n\t\t\t\t<\/div>\n\t\t\t\t\t<\/div>\n\t\t<\/div>\n\t\t\t\t\t<\/div>\n\t\t<\/section>\n\t\t\t\t<section class=\"elementor-section elementor-top-section elementor-element elementor-element-5960455 elementor-section-boxed elementor-section-height-default elementor-section-height-default\" data-id=\"5960455\" data-element_type=\"section\" data-e-type=\"section\">\n\t\t\t\t\t\t<div class=\"elementor-container elementor-column-gap-default\">\n\t\t\t\t\t<div class=\"elementor-column elementor-col-100 elementor-top-column elementor-element elementor-element-5480e28\" data-id=\"5480e28\" data-element_type=\"column\" data-e-type=\"column\">\n\t\t\t<div class=\"elementor-widget-wrap elementor-element-populated\">\n\t\t\t\t\t\t<div class=\"elementor-element elementor-element-f1513ed elementor-widget elementor-widget-image\" data-id=\"f1513ed\" data-element_type=\"widget\" data-e-type=\"widget\" data-widget_type=\"image.default\">\n\t\t\t\t<div class=\"elementor-widget-container\">\n\t\t\t\t\t\t\t\t\t\t\t\t\t\t\t<img fetchpriority=\"high\" decoding=\"async\" width=\"1024\" height=\"723\" src=\"https:\/\/esperanto.hr\/wp\/wp-content\/uploads\/2023\/01\/Kongres-Durdevac-1024x723.jpg\" class=\"attachment-large size-large wp-image-2834\" alt=\"\" srcset=\"https:\/\/esperanto.hr\/wp\/wp-content\/uploads\/2023\/01\/Kongres-Durdevac-1024x723.jpg 1024w, https:\/\/esperanto.hr\/wp\/wp-content\/uploads\/2023\/01\/Kongres-Durdevac-300x212.jpg 300w, https:\/\/esperanto.hr\/wp\/wp-content\/uploads\/2023\/01\/Kongres-Durdevac-768x542.jpg 768w, https:\/\/esperanto.hr\/wp\/wp-content\/uploads\/2023\/01\/Kongres-Durdevac-1536x1085.jpg 1536w, https:\/\/esperanto.hr\/wp\/wp-content\/uploads\/2023\/01\/Kongres-Durdevac-2048x1446.jpg 2048w\" sizes=\"(max-width: 1024px) 100vw, 1024px\" \/>\t\t\t\t\t\t\t\t\t\t\t\t\t\t\t<\/div>\n\t\t\t\t<\/div>\n\t\t\t\t\t<\/div>\n\t\t<\/div>\n\t\t\t\t\t<\/div>\n\t\t<\/section>\n\t\t\t\t<\/div>\n\t\t","protected":false},"excerpt":{"rendered":"<p>Odlukom Uprave Hrvatskog saveza za esperanto od 4. prosinca 2022. godine, 11. kongres hrvatskih esperantista odr\u017eat \u0107e se u \u0110ur\u0111evcu od 30. lipnja do 2. srpnja 2023. godine. Organizacija je povjerena Dokumentacijskom esperantskom centru iz \u0110ur\u0111evca, a prve informacije i pristupnice nalaze se na: https:\/novo.dec-kroatio.hr\/hr\/<\/p>\n","protected":false},"author":1,"featured_media":0,"comment_status":"closed","ping_status":"open","sticky":false,"template":"","format":"standard","meta":{"site-sidebar-layout":"default","site-content-layout":"","ast-site-content-layout":"default","site-content-style":"default","site-sidebar-style":"default","ast-global-header-display":"","ast-banner-title-visibility":"","ast-main-header-display":"","ast-hfb-above-header-display":"","ast-hfb-below-header-display":"","ast-hfb-mobile-header-display":"","site-post-title":"","ast-breadcrumbs-content":"","ast-featured-img":"","footer-sml-layout":"","ast-disable-related-posts":"","theme-transparent-header-meta":"","adv-header-id-meta":"","stick-header-meta":"","header-above-stick-meta":"","header-main-stick-meta":"","header-below-stick-meta":"","astra-migrate-meta-layouts":"default","ast-page-background-enabled":"default","ast-page-background-meta":{"desktop":{"background-color":"","background-image":"","background-repeat":"repeat","background-position":"center center","background-size":"auto","background-attachment":"scroll","background-type":"","background-media":"","overlay-type":"","overlay-color":"","overlay-opacity":"","overlay-gradient":""},"tablet":{"background-color":"","background-image":"","background-repeat":"repeat","background-position":"center center","background-size":"auto","background-attachment":"scroll","background-type":"","background-media":"","overlay-type":"","overlay-color":"","overlay-opacity":"","overlay-gradient":""},"mobile":{"background-color":"","background-image":"","background-repeat":"repeat","background-position":"center center","background-size":"auto","background-attachment":"scroll","background-type":"","background-media":"","overlay-type":"","overlay-color":"","overlay-opacity":"","overlay-gradient":""}},"ast-content-background-meta":{"desktop":{"background-color":"var(--ast-global-color-5)","background-image":"","background-repeat":"repeat","background-position":"center center","background-size":"auto","background-attachment":"scroll","background-type":"","background-media":"","overlay-type":"","overlay-color":"","overlay-opacity":"","overlay-gradient":""},"tablet":{"background-color":"var(--ast-global-color-5)","background-image":"","background-repeat":"repeat","background-position":"center center","background-size":"auto","background-attachment":"scroll","background-type":"","background-media":"","overlay-type":"","overlay-color":"","overlay-opacity":"","overlay-gradient":""},"mobile":{"background-color":"var(--ast-global-color-5)","background-image":"","background-repeat":"repeat","background-position":"center center","background-size":"auto","background-attachment":"scroll","background-type":"","background-media":"","overlay-type":"","overlay-color":"","overlay-opacity":"","overlay-gradient":""}},"footnotes":""},"categories":[1],"tags":[],"class_list":["post-2832","post","type-post","status-publish","format-standard","hentry","category-uncategorized"],"_links":{"self":[{"href":"https:\/\/esperanto.hr\/wp\/wp-json\/wp\/v2\/posts\/2832","targetHints":{"allow":["GET"]}}],"collection":[{"href":"https:\/\/esperanto.hr\/wp\/wp-json\/wp\/v2\/posts"}],"about":[{"href":"https:\/\/esperanto.hr\/wp\/wp-json\/wp\/v2\/types\/post"}],"author":[{"embeddable":true,"href":"https:\/\/esperanto.hr\/wp\/wp-json\/wp\/v2\/users\/1"}],"replies":[{"embeddable":true,"href":"https:\/\/esperanto.hr\/wp\/wp-json\/wp\/v2\/comments?post=2832"}],"version-history":[{"count":9,"href":"https:\/\/esperanto.hr\/wp\/wp-json\/wp\/v2\/posts\/2832\/revisions"}],"predecessor-version":[{"id":2969,"href":"https:\/\/esperanto.hr\/wp\/wp-json\/wp\/v2\/posts\/2832\/revisions\/2969"}],"wp:attachment":[{"href":"https:\/\/esperanto.hr\/wp\/wp-json\/wp\/v2\/media?parent=2832"}],"wp:term":[{"taxonomy":"category","embeddable":true,"href":"https:\/\/esperanto.hr\/wp\/wp-json\/wp\/v2\/categories?post=2832"},{"taxonomy":"post_tag","embeddable":true,"href":"https:\/\/esperanto.hr\/wp\/wp-json\/wp\/v2\/tags?post=2832"}],"curies":[{"name":"wp","href":"https:\/\/api.w.org\/{rel}","templated":true}]}}